{"id":5200,"date":"2019-01-07T11:47:46","date_gmt":"2019-01-07T11:47:46","guid":{"rendered":"http:\/\/badiavinagres.com\/ca\/?p=5200"},"modified":"2020-07-30T11:22:41","modified_gmt":"2020-07-30T11:22:41","slug":"amanida-de-fruita-amb-agredolc-amb-mel-de-taronger","status":"publish","type":"post","link":"https:\/\/badiavinagres.com\/ca\/amanida-de-fruita-amb-agredolc-amb-mel-de-taronger","title":{"rendered":"Amanida de fruita amb agredol\u00e7 amb mel de taronger"},"content":{"rendered":"<section class=\"section  text-normal section-text-no-shadow section-inner-no-shadow section-normal section-opaque\"  >\n    \n    <div class=\"background-overlay grid-overlay-0 \" style=\"background-color: rgba(0,0,0,0);\"><\/div>\n\n    <div class=\"container container-vertical-default\">\n        <div class=\"row vertical-default\">\n            <div class=\"col-md-6     text-default small-screen-default\"  ><h3 class=\"text-center  element-top-20 element-bottom-20 text-normal big default\" data-os-animation=\"none\" data-os-animation-delay=\"0s\" >\n    :: Ingredients per 2-3 persones ::<\/h3><div class=\"col-text-1 text-normal  element-top-20 element-bottom-20\" data-os-animation=\"none\" data-os-animation-delay=\"0s\">\n    <p>1 caqui<br \/>\n1 taronja<br \/>\n1 poma de varietat cruixent i dol\u00e7a tipus Fuji, Vermella o Pink Lady<br \/>\nMitja magrana<br \/>\nUna cullerada de melmelada de taronger<br \/>\n<a href=\"\/ca\/portfolio\/agredolc-amb-mel-de-taronger\">Agredol\u00e7 amb mel de taronger de Castell de Gardeny<\/a><br \/>\nFulles de menta fresca<\/p>\n<\/div>\n<\/div><div class=\"col-md-6     text-default small-screen-default\"  ><div class=\"figure element-top-20 element-bottom-20 image-effect-zoom-in  os-animation\" data-os-animation=\"fadeInUp\" data-os-animation-delay=\"0s\">\n            <span class=\"figure-image\">\n        <img loading=\"lazy\" decoding=\"async\" width=\"786\" height=\"960\" src=\"https:\/\/badiavinagres.com\/wp-content\/uploads\/2019\/01\/ensalada-de-fruta-2.jpg\" class=\"attachment-full size-full\" alt=\"\" srcset=\"https:\/\/badiavinagres.com\/wp-content\/uploads\/2019\/01\/ensalada-de-fruta-2.jpg 786w, https:\/\/badiavinagres.com\/wp-content\/uploads\/2019\/01\/ensalada-de-fruta-2-246x300.jpg 246w, https:\/\/badiavinagres.com\/wp-content\/uploads\/2019\/01\/ensalada-de-fruta-2-768x938.jpg 768w, https:\/\/badiavinagres.com\/wp-content\/uploads\/2019\/01\/ensalada-de-fruta-2-328x400.jpg 328w\" sizes=\"auto, (max-width: 786px) 100vw, 786px\" \/>            <\/span>\n    <\/div>\n<\/div>        <\/div>\n    <\/div>\n<\/section>\n<section class=\"section  text-normal section-text-no-shadow section-inner-no-shadow section-normal section-opaque\"  >\n    \n    <div class=\"background-overlay grid-overlay-0 \" style=\"background-color: rgba(0,0,0,0);\"><\/div>\n\n    <div class=\"container container-vertical-default\">\n        <div class=\"row vertical-default\">\n            <div class=\"col-md-12     text-default small-screen-default\"  ><h1 class=\"text-center  element-top-20 element-bottom-20 text-normal big default\" data-os-animation=\"none\" data-os-animation-delay=\"0s\" >\n    :: Elaboraci\u00f3 ::<\/h1><div class=\"col-text-1 text-normal  element-top-20 element-bottom-20\" data-os-animation=\"none\" data-os-animation-delay=\"0s\">\n    <p>Per fer aquesta amanida de fruita pelarem primer les fruites i les tallarem de diferents maneres, per exemple el caqui el tallarem en mitges rodanxes, la poma en cubs petits, la taronja la pelarem en viu, \u00e9s a dir, traient no nom\u00e9s la pell sin\u00f3 la membrana que envolta la polpa i despr\u00e9s la tallarem en grills o en mitges rodanxes. Desgranarem la magrana. Repartirem la fruita al llarg d&#8217;una safata, combinant els diferents talls, i l&#8217;amanirem amb un rajol\u00ed de mel i amb l&#8217;Agredol\u00e7 de Castell de Gardeny. Per \u00faltim, decorarem el plat amb fulles de menta fresca.<\/p>\n<p>Tamb\u00e9 podem presentar aquestes postres en bols de vidre, tallant la fruita en trossos molt petits.<\/p>\n<p>Recepta original creada per l\u2019Anna del bloc gastron\u00f2mic <a href=\"https:\/\/www.retallsdecuina.cat\/\" target=\"_blank\">https:\/\/www.retallsdecuina.cat\/<\/a><\/p>\n<\/div>\n<\/div>        <\/div>\n    <\/div>\n<\/section>\n<section class=\"section  text-normal section-text-no-shadow section-inner-no-shadow section-normal section-opaque\"  >\n            <div class=\"background-media\" style=\"background-image: url(&#039;&#039;); background-repeat:no-repeat; background-size:cover; background-attachment:no-scroll; background-position: 50% 0%;\" >\n                    <\/div>\n    \n    <div class=\"background-overlay grid-overlay-0 \" style=\"background-color: rgba(0,0,0,0);\"><\/div>\n\n    <div class=\"container container-vertical-default\">\n        <div class=\"row vertical-default\">\n            <div class=\"col-md-12     text-default small-screen-default\"  ><div class=\"col-text-1 text-normal  element-top-20 element-bottom-20\" data-os-animation=\"none\" data-os-animation-delay=\"0s\">\n    <p style=\"font-size: 100%; font-family: muli; color: black; text-align: center;\">T\u2019ha agradat aquesta recepta? Segueix descobrint com utilitzar els nostres vinagres i agredolces<\/p>\n<\/div>\n<\/div>        <\/div>\n    <\/div>\n<\/section>\n<section class=\"section  text-normal section-text-no-shadow section-inner-no-shadow section-normal section-opaque\"  >\n    \n    <div class=\"background-overlay grid-overlay-0 \" style=\"background-color: rgba(0,0,0,0);\"><\/div>\n\n    <div class=\"container container-vertical-default\">\n        <div class=\"row vertical-default\">\n            <div class=\"col-md-12     text-default small-screen-default\"  > <div class=\" element-top-20 element-bottom-20 recent-simple-os-container list-container row\">\n    \n        <div class=\"col-md-4\" data-os-animation=\"none\" data-os-animation-delay=\"0s\">\n\n        <article id=\"post-8569\" class=\"post-grid element-bottom-20 text-center\">\n            <a href=\"https:\/\/badiavinagres.com\/ca\/vinagreta-fruital\">\n            <img loading=\"lazy\" decoding=\"async\" width=\"2560\" height=\"1707\" src=\"https:\/\/badiavinagres.com\/wp-content\/uploads\/2025\/10\/MEL-VINAGRETA-scaled.jpg\" class=\"attachment-full size-full wp-post-image\" alt=\"\" srcset=\"https:\/\/badiavinagres.com\/wp-content\/uploads\/2025\/10\/MEL-VINAGRETA-scaled.jpg 2560w, https:\/\/badiavinagres.com\/wp-content\/uploads\/2025\/10\/MEL-VINAGRETA-300x200.jpg 300w, https:\/\/badiavinagres.com\/wp-content\/uploads\/2025\/10\/MEL-VINAGRETA-1024x683.jpg 1024w, https:\/\/badiavinagres.com\/wp-content\/uploads\/2025\/10\/MEL-VINAGRETA-768x512.jpg 768w, https:\/\/badiavinagres.com\/wp-content\/uploads\/2025\/10\/MEL-VINAGRETA-1536x1024.jpg 1536w, https:\/\/badiavinagres.com\/wp-content\/uploads\/2025\/10\/MEL-VINAGRETA-2048x1365.jpg 2048w, https:\/\/badiavinagres.com\/wp-content\/uploads\/2025\/10\/MEL-VINAGRETA-600x400.jpg 600w, https:\/\/badiavinagres.com\/wp-content\/uploads\/2025\/10\/MEL-VINAGRETA-400x267.jpg 400w\" sizes=\"auto, (max-width: 2560px) 100vw, 2560px\" \/>        <\/a>\n        <div class=\"post-grid-content\">\n        <h3 class=\"post-grid-content-title\">\n            <a href=\"https:\/\/badiavinagres.com\/ca\/vinagreta-fruital\">\n                Vinagreta fruital            <\/a>\n        <\/h3>\n        <p><\/p>\n        <div class=\"post-grid-content-footer\">\n                        16 d'octubre de 2025        <\/div>\n    <\/div>\n<\/article>\n\n        <\/div>\n        \n        <div class=\"col-md-4\" data-os-animation=\"none\" data-os-animation-delay=\"0s\">\n\n        <article id=\"post-8141\" class=\"post-grid element-bottom-20 text-center\">\n            <a href=\"https:\/\/badiavinagres.com\/ca\/verdures-amb-pollastre-i-vinagreta-afruitada\">\n            <img loading=\"lazy\" decoding=\"async\" width=\"2560\" height=\"1707\" src=\"https:\/\/badiavinagres.com\/wp-content\/uploads\/2025\/03\/MEL-VERDURES-scaled.jpg\" class=\"attachment-full size-full wp-post-image\" alt=\"\" srcset=\"https:\/\/badiavinagres.com\/wp-content\/uploads\/2025\/03\/MEL-VERDURES-scaled.jpg 2560w, https:\/\/badiavinagres.com\/wp-content\/uploads\/2025\/03\/MEL-VERDURES-300x200.jpg 300w, https:\/\/badiavinagres.com\/wp-content\/uploads\/2025\/03\/MEL-VERDURES-1024x683.jpg 1024w, https:\/\/badiavinagres.com\/wp-content\/uploads\/2025\/03\/MEL-VERDURES-768x512.jpg 768w, https:\/\/badiavinagres.com\/wp-content\/uploads\/2025\/03\/MEL-VERDURES-1536x1024.jpg 1536w, https:\/\/badiavinagres.com\/wp-content\/uploads\/2025\/03\/MEL-VERDURES-2048x1365.jpg 2048w, https:\/\/badiavinagres.com\/wp-content\/uploads\/2025\/03\/MEL-VERDURES-600x400.jpg 600w, https:\/\/badiavinagres.com\/wp-content\/uploads\/2025\/03\/MEL-VERDURES-400x267.jpg 400w\" sizes=\"auto, (max-width: 2560px) 100vw, 2560px\" \/>        <\/a>\n        <div class=\"post-grid-content\">\n        <h3 class=\"post-grid-content-title\">\n            <a href=\"https:\/\/badiavinagres.com\/ca\/verdures-amb-pollastre-i-vinagreta-afruitada\">\n                Verdures amb pollastre i vinagreta afruitada            <\/a>\n        <\/h3>\n        <p><\/p>\n        <div class=\"post-grid-content-footer\">\n                        26 de mar\u00e7 de 2025        <\/div>\n    <\/div>\n<\/article>\n\n        <\/div>\n        \n        <div class=\"col-md-4\" data-os-animation=\"none\" data-os-animation-delay=\"0s\">\n\n        <article id=\"post-6441\" class=\"post-grid element-bottom-20 text-center\">\n            <a href=\"https:\/\/badiavinagres.com\/ca\/pinya-amb-caramel-de-vinagre-de-mel-i-gelat\">\n            <img loading=\"lazy\" decoding=\"async\" width=\"2560\" height=\"1707\" src=\"https:\/\/badiavinagres.com\/wp-content\/uploads\/2023\/04\/PINYA-CARAMEL-VINAGRE-DE-MEL--scaled.jpg\" class=\"attachment-full size-full wp-post-image\" alt=\"\" srcset=\"https:\/\/badiavinagres.com\/wp-content\/uploads\/2023\/04\/PINYA-CARAMEL-VINAGRE-DE-MEL--scaled.jpg 2560w, https:\/\/badiavinagres.com\/wp-content\/uploads\/2023\/04\/PINYA-CARAMEL-VINAGRE-DE-MEL--300x200.jpg 300w, https:\/\/badiavinagres.com\/wp-content\/uploads\/2023\/04\/PINYA-CARAMEL-VINAGRE-DE-MEL--1024x683.jpg 1024w, https:\/\/badiavinagres.com\/wp-content\/uploads\/2023\/04\/PINYA-CARAMEL-VINAGRE-DE-MEL--768x512.jpg 768w, https:\/\/badiavinagres.com\/wp-content\/uploads\/2023\/04\/PINYA-CARAMEL-VINAGRE-DE-MEL--1536x1024.jpg 1536w, https:\/\/badiavinagres.com\/wp-content\/uploads\/2023\/04\/PINYA-CARAMEL-VINAGRE-DE-MEL--2048x1365.jpg 2048w, https:\/\/badiavinagres.com\/wp-content\/uploads\/2023\/04\/PINYA-CARAMEL-VINAGRE-DE-MEL--600x400.jpg 600w, https:\/\/badiavinagres.com\/wp-content\/uploads\/2023\/04\/PINYA-CARAMEL-VINAGRE-DE-MEL--400x267.jpg 400w\" sizes=\"auto, (max-width: 2560px) 100vw, 2560px\" \/>        <\/a>\n        <div class=\"post-grid-content\">\n        <h3 class=\"post-grid-content-title\">\n            <a href=\"https:\/\/badiavinagres.com\/ca\/pinya-amb-caramel-de-vinagre-de-mel-i-gelat\">\n                Pinya amb caramel de vinagre de mel i gelat            <\/a>\n        <\/h3>\n        <p><\/p>\n        <div class=\"post-grid-content-footer\">\n                        29 d'abril de 2023        <\/div>\n    <\/div>\n<\/article>\n\n        <\/div>\n        <\/div>\n<\/div>        <\/div>\n    <\/div>\n<\/section>\n","protected":false},"excerpt":{"rendered":":: Ingredients :: 50ml de vinagre agredol\u00e7 amb mel de Taronger Gardeny 100ml oli d\u2019oliva verge extra 100ml suc de fruita de temporada (taronja, mandarina, pera, poma, pr\u00e9ssec, maduixa, ra\u00efm, mel\u00f3... ) \u00bd culleradeta de canyella en pols \u00bd culleradeta de gingebre en pols \u00bd culleradeta de nou moscada en pols :: Preparaci\u00f3 :: Fer","protected":false},"author":5,"featured_media":5158,"comment_status":"closed","ping_status":"closed","sticky":false,"template":"","format":"standard","meta":{"footnotes":""},"categories":[127,162],"tags":[],"class_list":["post-5200","post","type-post","status-publish","format-standard","has-post-thumbnail","hentry","category-miel-ca","category-receptes"],"yoast_head":"<!-- This site is optimized with the Yoast SEO plugin v27.4 - https:\/\/yoast.com\/product\/yoast-seo-wordpress\/ -->\n<title>Amanida de fruita amb agredol\u00e7 amb mel de taronger &#8211; Badia Vinagres<\/title>\n<meta name=\"robots\" content=\"index, follow, max-snippet:-1, max-image-preview:large, max-video-preview:-1\" \/>\n<link rel=\"canonical\" href=\"https:\/\/badiavinagres.com\/ca\/amanida-de-fruita-amb-agredolc-amb-mel-de-taronger\" \/>\n<meta property=\"og:locale\" content=\"ca_ES\" \/>\n<meta property=\"og:type\" content=\"article\" \/>\n<meta property=\"og:title\" content=\"Amanida de fruita amb agredol\u00e7 amb mel de taronger &#8211; Badia Vinagres\" \/>\n<meta property=\"og:url\" content=\"https:\/\/badiavinagres.com\/ca\/amanida-de-fruita-amb-agredolc-amb-mel-de-taronger\" \/>\n<meta property=\"og:site_name\" content=\"Badia Vinagres\" \/>\n<meta property=\"article:publisher\" content=\"https:\/\/www.facebook.com\/VinagresCastelldeGardeny\" \/>\n<meta property=\"article:published_time\" content=\"2019-01-07T11:47:46+00:00\" \/>\n<meta property=\"article:modified_time\" content=\"2020-07-30T11:22:41+00:00\" \/>\n<meta property=\"og:image\" content=\"https:\/\/badiavinagres.com\/wp-content\/uploads\/2019\/01\/ensalada-de-fruta.jpg\" \/>\n\t<meta property=\"og:image:width\" content=\"770\" \/>\n\t<meta property=\"og:image:height\" content=\"460\" \/>\n\t<meta property=\"og:image:type\" content=\"image\/jpeg\" \/>\n<meta name=\"author\" content=\"Samuel Boucher\" \/>\n<meta name=\"twitter:card\" content=\"summary_large_image\" \/>\n<meta name=\"twitter:creator\" content=\"@CastellGardeny\" \/>\n<meta name=\"twitter:site\" content=\"@CastellGardeny\" \/>\n<meta name=\"twitter:label1\" content=\"Escrit per\" \/>\n\t<meta name=\"twitter:data1\" content=\"Samuel Boucher\" \/>\n\t<meta name=\"twitter:label2\" content=\"Temps estimat de lectura\" \/>\n\t<meta name=\"twitter:data2\" content=\"1 minut\" \/>\n<script type=\"application\/ld+json\" class=\"yoast-schema-graph\">{\"@context\":\"https:\\\/\\\/schema.org\",\"@graph\":[{\"@type\":\"Article\",\"@id\":\"https:\\\/\\\/badiavinagres.com\\\/ca\\\/amanida-de-fruita-amb-agredolc-amb-mel-de-taronger#article\",\"isPartOf\":{\"@id\":\"https:\\\/\\\/badiavinagres.com\\\/ca\\\/amanida-de-fruita-amb-agredolc-amb-mel-de-taronger\"},\"author\":{\"name\":\"Samuel Boucher\",\"@id\":\"https:\\\/\\\/badiavinagres.com\\\/#\\\/schema\\\/person\\\/df77e91a601c5d1c8b185f2a388ecd66\"},\"headline\":\"Amanida de fruita amb agredol\u00e7 amb mel de taronger\",\"datePublished\":\"2019-01-07T11:47:46+00:00\",\"dateModified\":\"2020-07-30T11:22:41+00:00\",\"mainEntityOfPage\":{\"@id\":\"https:\\\/\\\/badiavinagres.com\\\/ca\\\/amanida-de-fruita-amb-agredolc-amb-mel-de-taronger\"},\"wordCount\":298,\"publisher\":{\"@id\":\"https:\\\/\\\/badiavinagres.com\\\/#organization\"},\"image\":{\"@id\":\"https:\\\/\\\/badiavinagres.com\\\/ca\\\/amanida-de-fruita-amb-agredolc-amb-mel-de-taronger#primaryimage\"},\"thumbnailUrl\":\"https:\\\/\\\/badiavinagres.com\\\/wp-content\\\/uploads\\\/2019\\\/01\\\/ensalada-de-fruta.jpg\",\"articleSection\":[\"Agredol\u00e7 amb mel de taronger\",\"Receptes\"],\"inLanguage\":\"ca\"},{\"@type\":\"WebPage\",\"@id\":\"https:\\\/\\\/badiavinagres.com\\\/ca\\\/amanida-de-fruita-amb-agredolc-amb-mel-de-taronger\",\"url\":\"https:\\\/\\\/badiavinagres.com\\\/ca\\\/amanida-de-fruita-amb-agredolc-amb-mel-de-taronger\",\"name\":\"Amanida de fruita amb agredol\u00e7 amb mel de taronger &#8211; Badia Vinagres\",\"isPartOf\":{\"@id\":\"https:\\\/\\\/badiavinagres.com\\\/#website\"},\"primaryImageOfPage\":{\"@id\":\"https:\\\/\\\/badiavinagres.com\\\/ca\\\/amanida-de-fruita-amb-agredolc-amb-mel-de-taronger#primaryimage\"},\"image\":{\"@id\":\"https:\\\/\\\/badiavinagres.com\\\/ca\\\/amanida-de-fruita-amb-agredolc-amb-mel-de-taronger#primaryimage\"},\"thumbnailUrl\":\"https:\\\/\\\/badiavinagres.com\\\/wp-content\\\/uploads\\\/2019\\\/01\\\/ensalada-de-fruta.jpg\",\"datePublished\":\"2019-01-07T11:47:46+00:00\",\"dateModified\":\"2020-07-30T11:22:41+00:00\",\"breadcrumb\":{\"@id\":\"https:\\\/\\\/badiavinagres.com\\\/ca\\\/amanida-de-fruita-amb-agredolc-amb-mel-de-taronger#breadcrumb\"},\"inLanguage\":\"ca\",\"potentialAction\":[{\"@type\":\"ReadAction\",\"target\":[\"https:\\\/\\\/badiavinagres.com\\\/ca\\\/amanida-de-fruita-amb-agredolc-amb-mel-de-taronger\"]}]},{\"@type\":\"ImageObject\",\"inLanguage\":\"ca\",\"@id\":\"https:\\\/\\\/badiavinagres.com\\\/ca\\\/amanida-de-fruita-amb-agredolc-amb-mel-de-taronger#primaryimage\",\"url\":\"https:\\\/\\\/badiavinagres.com\\\/wp-content\\\/uploads\\\/2019\\\/01\\\/ensalada-de-fruta.jpg\",\"contentUrl\":\"https:\\\/\\\/badiavinagres.com\\\/wp-content\\\/uploads\\\/2019\\\/01\\\/ensalada-de-fruta.jpg\",\"width\":770,\"height\":460},{\"@type\":\"BreadcrumbList\",\"@id\":\"https:\\\/\\\/badiavinagres.com\\\/ca\\\/amanida-de-fruita-amb-agredolc-amb-mel-de-taronger#breadcrumb\",\"itemListElement\":[{\"@type\":\"ListItem\",\"position\":1,\"name\":\"Portada\",\"item\":\"https:\\\/\\\/badiavinagres.com\\\/\"},{\"@type\":\"ListItem\",\"position\":2,\"name\":\"Amanida de fruita amb agredol\u00e7 amb mel de taronger\"}]},{\"@type\":\"WebSite\",\"@id\":\"https:\\\/\\\/badiavinagres.com\\\/#website\",\"url\":\"https:\\\/\\\/badiavinagres.com\\\/\",\"name\":\"Badia Vinagres\",\"description\":\"Mestres vinagrers des de 1908\",\"publisher\":{\"@id\":\"https:\\\/\\\/badiavinagres.com\\\/#organization\"},\"potentialAction\":[{\"@type\":\"SearchAction\",\"target\":{\"@type\":\"EntryPoint\",\"urlTemplate\":\"https:\\\/\\\/badiavinagres.com\\\/?s={search_term_string}\"},\"query-input\":{\"@type\":\"PropertyValueSpecification\",\"valueRequired\":true,\"valueName\":\"search_term_string\"}}],\"inLanguage\":\"ca\"},{\"@type\":\"Organization\",\"@id\":\"https:\\\/\\\/badiavinagres.com\\\/#organization\",\"name\":\"Badia Vinagres - Castell de Gardeny\",\"url\":\"https:\\\/\\\/badiavinagres.com\\\/\",\"logo\":{\"@type\":\"ImageObject\",\"inLanguage\":\"ca\",\"@id\":\"https:\\\/\\\/badiavinagres.com\\\/#\\\/schema\\\/logo\\\/image\\\/\",\"url\":\"http:\\\/\\\/badiavinagres.com\\\/wp-content\\\/uploads\\\/2016\\\/03\\\/badiamenutransparente-4.png\",\"contentUrl\":\"http:\\\/\\\/badiavinagres.com\\\/wp-content\\\/uploads\\\/2016\\\/03\\\/badiamenutransparente-4.png\",\"width\":117,\"height\":100,\"caption\":\"Badia Vinagres - Castell de Gardeny\"},\"image\":{\"@id\":\"https:\\\/\\\/badiavinagres.com\\\/#\\\/schema\\\/logo\\\/image\\\/\"},\"sameAs\":[\"https:\\\/\\\/www.facebook.com\\\/VinagresCastelldeGardeny\",\"https:\\\/\\\/x.com\\\/CastellGardeny\",\"https:\\\/\\\/www.instagram.com\\\/castelldegardeny_badiavinagres\\\/\"]},{\"@type\":\"Person\",\"@id\":\"https:\\\/\\\/badiavinagres.com\\\/#\\\/schema\\\/person\\\/df77e91a601c5d1c8b185f2a388ecd66\",\"name\":\"Samuel Boucher\",\"image\":{\"@type\":\"ImageObject\",\"inLanguage\":\"ca\",\"@id\":\"https:\\\/\\\/secure.gravatar.com\\\/avatar\\\/70fb0a2c2aa563e20653763caf581b80101843e24971e7d5e5bf7d64d1cf9127?s=96&d=mm&r=g\",\"url\":\"https:\\\/\\\/secure.gravatar.com\\\/avatar\\\/70fb0a2c2aa563e20653763caf581b80101843e24971e7d5e5bf7d64d1cf9127?s=96&d=mm&r=g\",\"contentUrl\":\"https:\\\/\\\/secure.gravatar.com\\\/avatar\\\/70fb0a2c2aa563e20653763caf581b80101843e24971e7d5e5bf7d64d1cf9127?s=96&d=mm&r=g\",\"caption\":\"Samuel Boucher\"},\"url\":\"https:\\\/\\\/badiavinagres.com\\\/ca\\\/author\\\/le18\"}]}<\/script>\n<!-- \/ Yoast SEO plugin. -->","yoast_head_json":{"title":"Amanida de fruita amb agredol\u00e7 amb mel de taronger &#8211; Badia Vinagres","robots":{"index":"index","follow":"follow","max-snippet":"max-snippet:-1","max-image-preview":"max-image-preview:large","max-video-preview":"max-video-preview:-1"},"canonical":"https:\/\/badiavinagres.com\/ca\/amanida-de-fruita-amb-agredolc-amb-mel-de-taronger","og_locale":"ca_ES","og_type":"article","og_title":"Amanida de fruita amb agredol\u00e7 amb mel de taronger &#8211; Badia Vinagres","og_url":"https:\/\/badiavinagres.com\/ca\/amanida-de-fruita-amb-agredolc-amb-mel-de-taronger","og_site_name":"Badia Vinagres","article_publisher":"https:\/\/www.facebook.com\/VinagresCastelldeGardeny","article_published_time":"2019-01-07T11:47:46+00:00","article_modified_time":"2020-07-30T11:22:41+00:00","og_image":[{"width":770,"height":460,"url":"https:\/\/badiavinagres.com\/wp-content\/uploads\/2019\/01\/ensalada-de-fruta.jpg","type":"image\/jpeg"}],"author":"Samuel Boucher","twitter_card":"summary_large_image","twitter_creator":"@CastellGardeny","twitter_site":"@CastellGardeny","twitter_misc":{"Escrit per":"Samuel Boucher","Temps estimat de lectura":"1 minut"},"schema":{"@context":"https:\/\/schema.org","@graph":[{"@type":"Article","@id":"https:\/\/badiavinagres.com\/ca\/amanida-de-fruita-amb-agredolc-amb-mel-de-taronger#article","isPartOf":{"@id":"https:\/\/badiavinagres.com\/ca\/amanida-de-fruita-amb-agredolc-amb-mel-de-taronger"},"author":{"name":"Samuel Boucher","@id":"https:\/\/badiavinagres.com\/#\/schema\/person\/df77e91a601c5d1c8b185f2a388ecd66"},"headline":"Amanida de fruita amb agredol\u00e7 amb mel de taronger","datePublished":"2019-01-07T11:47:46+00:00","dateModified":"2020-07-30T11:22:41+00:00","mainEntityOfPage":{"@id":"https:\/\/badiavinagres.com\/ca\/amanida-de-fruita-amb-agredolc-amb-mel-de-taronger"},"wordCount":298,"publisher":{"@id":"https:\/\/badiavinagres.com\/#organization"},"image":{"@id":"https:\/\/badiavinagres.com\/ca\/amanida-de-fruita-amb-agredolc-amb-mel-de-taronger#primaryimage"},"thumbnailUrl":"https:\/\/badiavinagres.com\/wp-content\/uploads\/2019\/01\/ensalada-de-fruta.jpg","articleSection":["Agredol\u00e7 amb mel de taronger","Receptes"],"inLanguage":"ca"},{"@type":"WebPage","@id":"https:\/\/badiavinagres.com\/ca\/amanida-de-fruita-amb-agredolc-amb-mel-de-taronger","url":"https:\/\/badiavinagres.com\/ca\/amanida-de-fruita-amb-agredolc-amb-mel-de-taronger","name":"Amanida de fruita amb agredol\u00e7 amb mel de taronger &#8211; Badia Vinagres","isPartOf":{"@id":"https:\/\/badiavinagres.com\/#website"},"primaryImageOfPage":{"@id":"https:\/\/badiavinagres.com\/ca\/amanida-de-fruita-amb-agredolc-amb-mel-de-taronger#primaryimage"},"image":{"@id":"https:\/\/badiavinagres.com\/ca\/amanida-de-fruita-amb-agredolc-amb-mel-de-taronger#primaryimage"},"thumbnailUrl":"https:\/\/badiavinagres.com\/wp-content\/uploads\/2019\/01\/ensalada-de-fruta.jpg","datePublished":"2019-01-07T11:47:46+00:00","dateModified":"2020-07-30T11:22:41+00:00","breadcrumb":{"@id":"https:\/\/badiavinagres.com\/ca\/amanida-de-fruita-amb-agredolc-amb-mel-de-taronger#breadcrumb"},"inLanguage":"ca","potentialAction":[{"@type":"ReadAction","target":["https:\/\/badiavinagres.com\/ca\/amanida-de-fruita-amb-agredolc-amb-mel-de-taronger"]}]},{"@type":"ImageObject","inLanguage":"ca","@id":"https:\/\/badiavinagres.com\/ca\/amanida-de-fruita-amb-agredolc-amb-mel-de-taronger#primaryimage","url":"https:\/\/badiavinagres.com\/wp-content\/uploads\/2019\/01\/ensalada-de-fruta.jpg","contentUrl":"https:\/\/badiavinagres.com\/wp-content\/uploads\/2019\/01\/ensalada-de-fruta.jpg","width":770,"height":460},{"@type":"BreadcrumbList","@id":"https:\/\/badiavinagres.com\/ca\/amanida-de-fruita-amb-agredolc-amb-mel-de-taronger#breadcrumb","itemListElement":[{"@type":"ListItem","position":1,"name":"Portada","item":"https:\/\/badiavinagres.com\/"},{"@type":"ListItem","position":2,"name":"Amanida de fruita amb agredol\u00e7 amb mel de taronger"}]},{"@type":"WebSite","@id":"https:\/\/badiavinagres.com\/#website","url":"https:\/\/badiavinagres.com\/","name":"Badia Vinagres","description":"Mestres vinagrers des de 1908","publisher":{"@id":"https:\/\/badiavinagres.com\/#organization"},"potentialAction":[{"@type":"SearchAction","target":{"@type":"EntryPoint","urlTemplate":"https:\/\/badiavinagres.com\/?s={search_term_string}"},"query-input":{"@type":"PropertyValueSpecification","valueRequired":true,"valueName":"search_term_string"}}],"inLanguage":"ca"},{"@type":"Organization","@id":"https:\/\/badiavinagres.com\/#organization","name":"Badia Vinagres - Castell de Gardeny","url":"https:\/\/badiavinagres.com\/","logo":{"@type":"ImageObject","inLanguage":"ca","@id":"https:\/\/badiavinagres.com\/#\/schema\/logo\/image\/","url":"http:\/\/badiavinagres.com\/wp-content\/uploads\/2016\/03\/badiamenutransparente-4.png","contentUrl":"http:\/\/badiavinagres.com\/wp-content\/uploads\/2016\/03\/badiamenutransparente-4.png","width":117,"height":100,"caption":"Badia Vinagres - Castell de Gardeny"},"image":{"@id":"https:\/\/badiavinagres.com\/#\/schema\/logo\/image\/"},"sameAs":["https:\/\/www.facebook.com\/VinagresCastelldeGardeny","https:\/\/x.com\/CastellGardeny","https:\/\/www.instagram.com\/castelldegardeny_badiavinagres\/"]},{"@type":"Person","@id":"https:\/\/badiavinagres.com\/#\/schema\/person\/df77e91a601c5d1c8b185f2a388ecd66","name":"Samuel Boucher","image":{"@type":"ImageObject","inLanguage":"ca","@id":"https:\/\/secure.gravatar.com\/avatar\/70fb0a2c2aa563e20653763caf581b80101843e24971e7d5e5bf7d64d1cf9127?s=96&d=mm&r=g","url":"https:\/\/secure.gravatar.com\/avatar\/70fb0a2c2aa563e20653763caf581b80101843e24971e7d5e5bf7d64d1cf9127?s=96&d=mm&r=g","contentUrl":"https:\/\/secure.gravatar.com\/avatar\/70fb0a2c2aa563e20653763caf581b80101843e24971e7d5e5bf7d64d1cf9127?s=96&d=mm&r=g","caption":"Samuel Boucher"},"url":"https:\/\/badiavinagres.com\/ca\/author\/le18"}]}},"_links":{"self":[{"href":"https:\/\/badiavinagres.com\/ca\/wp-json\/wp\/v2\/posts\/5200","targetHints":{"allow":["GET"]}}],"collection":[{"href":"https:\/\/badiavinagres.com\/ca\/wp-json\/wp\/v2\/posts"}],"about":[{"href":"https:\/\/badiavinagres.com\/ca\/wp-json\/wp\/v2\/types\/post"}],"author":[{"embeddable":true,"href":"https:\/\/badiavinagres.com\/ca\/wp-json\/wp\/v2\/users\/5"}],"replies":[{"embeddable":true,"href":"https:\/\/badiavinagres.com\/ca\/wp-json\/wp\/v2\/comments?post=5200"}],"version-history":[{"count":2,"href":"https:\/\/badiavinagres.com\/ca\/wp-json\/wp\/v2\/posts\/5200\/revisions"}],"predecessor-version":[{"id":5223,"href":"https:\/\/badiavinagres.com\/ca\/wp-json\/wp\/v2\/posts\/5200\/revisions\/5223"}],"wp:featuredmedia":[{"embeddable":true,"href":"https:\/\/badiavinagres.com\/ca\/wp-json\/wp\/v2\/media\/5158"}],"wp:attachment":[{"href":"https:\/\/badiavinagres.com\/ca\/wp-json\/wp\/v2\/media?parent=5200"}],"wp:term":[{"taxonomy":"category","embeddable":true,"href":"https:\/\/badiavinagres.com\/ca\/wp-json\/wp\/v2\/categories?post=5200"},{"taxonomy":"post_tag","embeddable":true,"href":"https:\/\/badiavinagres.com\/ca\/wp-json\/wp\/v2\/tags?post=5200"}],"curies":[{"name":"wp","href":"https:\/\/api.w.org\/{rel}","templated":true}]}}