{"id":7713,"date":"2024-09-17T15:08:18","date_gmt":"2024-09-17T15:08:18","guid":{"rendered":"https:\/\/badiavinagres.com\/?p=7713"},"modified":"2024-09-18T15:53:36","modified_gmt":"2024-09-18T15:53:36","slug":"reinventant-els-classics-amb-una-mirada-contemporania-la-nova-generacio-dels-vinagres-de-chardonnay-i-cabernet-sauvignon","status":"publish","type":"post","link":"https:\/\/badiavinagres.com\/ca\/reinventant-els-classics-amb-una-mirada-contemporania-la-nova-generacio-dels-vinagres-de-chardonnay-i-cabernet-sauvignon","title":{"rendered":"Reinventant els cl\u00e0ssics amb una mirada contempor\u00e0nia: la nova generaci\u00f3 dels vinagres de Chardonnay i Cabernet Sauvignon"},"content":{"rendered":"\n<h2 class=\"wp-block-heading\">Dediquem aquesta nova entrada al nostre blog per parlar-vos d\u2019una de les grans novetats d\u2019aquest 2024. Avui us presentem la nova generaci\u00f3 del vinagre elaborat amb vi blanc Chardonnay i el vinagre amb vi negre Cabernet Sauvignon. Aquesta reinvenci\u00f3 dels vinagres m\u00e9s cl\u00e0ssics de la gamma Gardeny suposa oferir sabors amb un toc m\u00e9s actual i en sintonia amb les tend\u00e8ncies gastron\u00f2miques contempor\u00e0nies.&nbsp;<\/h2>\n\n\n\n<p>Badia Vinagres va trencar esquemes introduint al mercat una gamma de vinagres gastron\u00f2mics amb l\u2019objectiu de valorar el vinagre com un element essencial a la cuina. Ara, trenta anys despr\u00e9s, els dos vinagres m\u00e9s ic\u00f2nics de la gamma Gardeny es reinventen per adaptar-se a les tend\u00e8ncies actuals, per\u00f2 sense perdre l\u2019ess\u00e8ncia que els va fer tan especials. Aquesta nova generaci\u00f3 \u00e9s la culminaci\u00f3 d\u2019anys d\u2019experi\u00e8ncia i coneixement, que ofereix als amants de la cuina vinagres artesans amb una qualitat inigualable.<\/p>\n\n\n\n<p>Agafeu els vostres quaderns de cuina perqu\u00e8 a continuaci\u00f3 us parlarem de cada vinagre tot fent-vos recomanacions que us poden ajudar a elevar les vostres elaboracions gastron\u00f2miques a un altre nivell.<\/p>\n\n\n\n<figure class=\"wp-block-gallery has-nested-images columns-default is-cropped wp-block-gallery-1 is-layout-flex wp-block-gallery-is-layout-flex\">\n<figure class=\"wp-block-image size-large\"><a href=\"https:\/\/badiavinagres.com\/wp-content\/uploads\/2024\/09\/vinagre-gardeny.jpg\"><img loading=\"lazy\" decoding=\"async\" width=\"1024\" height=\"682\" data-id=\"7729\" src=\"https:\/\/badiavinagres.com\/wp-content\/uploads\/2024\/09\/vinagre-gardeny-1024x682.jpg\" alt=\"\" class=\"wp-image-7729\" srcset=\"https:\/\/badiavinagres.com\/wp-content\/uploads\/2024\/09\/vinagre-gardeny-1024x682.jpg 1024w, https:\/\/badiavinagres.com\/wp-content\/uploads\/2024\/09\/vinagre-gardeny-300x200.jpg 300w, https:\/\/badiavinagres.com\/wp-content\/uploads\/2024\/09\/vinagre-gardeny-768x511.jpg 768w, https:\/\/badiavinagres.com\/wp-content\/uploads\/2024\/09\/vinagre-gardeny-600x400.jpg 600w, https:\/\/badiavinagres.com\/wp-content\/uploads\/2024\/09\/vinagre-gardeny-400x266.jpg 400w, https:\/\/badiavinagres.com\/wp-content\/uploads\/2024\/09\/vinagre-gardeny.jpg 1101w\" sizes=\"auto, (max-width: 1024px) 100vw, 1024px\" \/><\/a><\/figure>\n<\/figure>\n\n\n\n<div style=\"height:20px\" aria-hidden=\"true\" class=\"wp-block-spacer\"><\/div>\n\n\n\n<h2 class=\"wp-block-heading\"><strong>Vinagre bals\u00e0mic de Cabernet Sauvignon<\/strong><\/h2>\n\n\n\n<p>El vinagre elaborat amb vi negre Cabernet Sauvignon ens connecta directament amb els sabors m\u00e9s aut\u00e8ntics i tradicionals. Amb una aroma intensa i un gust profund, \u00e9s ideal per potenciar plats de carn, escabetxos i conserves. La seva versatilitat el converteix en un imprescindible a qualsevol cuina. Des de la creaci\u00f3 de vinagretes per a amanides fins a la seva utilitzaci\u00f3 en plats de carn vermella, aquest vinagre afegeix un toc sofisticat i ric en matisos que transformar\u00e0 qualsevol recepta.<\/p>\n\n\n\n<p><strong>Aplicacions recomanades<\/strong>:<\/p>\n\n\n\n<ul class=\"wp-block-list\">\n<li>Vinagretes per a amanides<\/li>\n\n\n\n<li>Escabetxos de carns i verdures<\/li>\n\n\n\n<li>Salses i reduccions<\/li>\n<\/ul>\n\n\n\n<div style=\"height:20px\" aria-hidden=\"true\" class=\"wp-block-spacer\"><\/div>\n\n\n\n<h2 class=\"wp-block-heading\"><strong>Vinagre bals\u00e0mic de Chardonnay<\/strong><\/h2>\n\n\n\n<p>D\u2019altra banda, el vinagre de Chardonnay, elaborat amb vi blanc de la varietat Chardonnay, destaca per la seva aroma afruitada i subtil, perfecta per a plats de marisc, peix i amanides. Amb una textura suau i un toc dol\u00e7, ofereix un equilibri perfecte d&#8217;acidesa, la qual cosa el converteix en un vinagre molt vers\u00e0til per als amants dels vinagres blancs.<\/p>\n\n\n\n<p><strong>Aplicacions recomanades<\/strong>:<\/p>\n\n\n\n<ul class=\"wp-block-list\">\n<li>Marinat de seitons<\/li>\n\n\n\n<li>Vinagretes per a amanides<\/li>\n\n\n\n<li>Salses delicades per a peix i marisc<\/li>\n<\/ul>\n\n\n\n<p>Badia Vinagres continua fidel als seus valors d\u2019artesania i producci\u00f3 de proximitat. Cada vinagre \u00e9s elaborat amb les millors mat\u00e8ries primeres, seguint processos que combinen la tradici\u00f3 amb la tecnologia m\u00e9s avan\u00e7ada. La cura i la dedicaci\u00f3 que posem en cada fase del proc\u00e9s garanteixen que cada ampolla sigui una experi\u00e8ncia \u00fanica, que mant\u00e9 viva una her\u00e8ncia centen\u00e0ria al mateix temps que s&#8217;innova constantment.<\/p>\n\n\n\n<h2 class=\"wp-block-heading\"><strong>Descobriu les nostres novetats i deixeu-vos sorprendre per la sofisticaci\u00f3 i versatilitat d\u2019aquests vinagres que faran brillar qualsevol plat.<\/strong><\/h2>\n","protected":false},"excerpt":{"rendered":"<p>Dediquem aquesta nova entrada al nostre blog per parlar-vos d\u2019una de les grans novetats d\u2019aquest 2024. Avui us presentem la nova generaci\u00f3 del vinagre elaborat amb vi blanc Chardonnay i el vinagre amb vi negre Cabernet Sauvignon. Aquesta reinvenci\u00f3 dels vinagres m\u00e9s cl\u00e0ssics de la gamma Gardeny suposa oferir sabors amb un toc m\u00e9s actual<\/p>\n","protected":false},"author":8,"featured_media":7775,"comment_status":"closed","ping_status":"closed","sticky":false,"template":"","format":"standard","meta":{"footnotes":""},"categories":[32],"tags":[422,421,176,176],"class_list":["post-7713","post","type-post","status-publish","format-standard","has-post-thumbnail","hentry","category-noticies","tag-vinagre-cabernet-sauvignon","tag-vinagre-chardonnay","tag-vinagre-natural"],"yoast_head":"<!-- This site is optimized with the Yoast SEO plugin v27.4 - https:\/\/yoast.com\/product\/yoast-seo-wordpress\/ -->\n<title>Reinventant els cl\u00e0ssics amb una mirada contempor\u00e0nia: la nova generaci\u00f3 dels vinagres de Chardonnay i Cabernet Sauvignon<\/title>\n<meta name=\"description\" content=\"Avui us presentem la nova generaci\u00f3 del vinagre elaborat amb vi blanc Chardonnay i el vinagre amb vi negre Cabernet Sauvignon\" \/>\n<meta name=\"robots\" content=\"index, follow, max-snippet:-1, max-image-preview:large, max-video-preview:-1\" \/>\n<link rel=\"canonical\" href=\"https:\/\/badiavinagres.com\/ca\/reinventant-els-classics-amb-una-mirada-contemporania-la-nova-generacio-dels-vinagres-de-chardonnay-i-cabernet-sauvignon\" \/>\n<meta property=\"og:locale\" content=\"ca_ES\" \/>\n<meta property=\"og:type\" content=\"article\" \/>\n<meta property=\"og:title\" content=\"Reinventant els cl\u00e0ssics amb una mirada contempor\u00e0nia: la nova generaci\u00f3 dels vinagres de Chardonnay i Cabernet Sauvignon\" \/>\n<meta property=\"og:description\" content=\"Avui us presentem la nova generaci\u00f3 del vinagre elaborat amb vi blanc Chardonnay i el vinagre amb vi negre Cabernet Sauvignon\" \/>\n<meta property=\"og:url\" content=\"https:\/\/badiavinagres.com\/ca\/reinventant-els-classics-amb-una-mirada-contemporania-la-nova-generacio-dels-vinagres-de-chardonnay-i-cabernet-sauvignon\" \/>\n<meta property=\"og:site_name\" content=\"Badia Vinagres\" \/>\n<meta property=\"article:publisher\" content=\"https:\/\/www.facebook.com\/VinagresCastelldeGardeny\" \/>\n<meta property=\"article:published_time\" content=\"2024-09-17T15:08:18+00:00\" \/>\n<meta property=\"article:modified_time\" content=\"2024-09-18T15:53:36+00:00\" \/>\n<meta property=\"og:image\" content=\"https:\/\/badiavinagres.com\/wp-content\/uploads\/2024\/09\/Badia-Vinagres-1-1.png\" \/>\n\t<meta property=\"og:image:width\" content=\"1374\" \/>\n\t<meta property=\"og:image:height\" content=\"916\" \/>\n\t<meta property=\"og:image:type\" content=\"image\/png\" \/>\n<meta name=\"author\" content=\"Badia Vinagres\" \/>\n<meta name=\"twitter:card\" content=\"summary_large_image\" \/>\n<meta name=\"twitter:creator\" content=\"@CastellGardeny\" \/>\n<meta name=\"twitter:site\" content=\"@CastellGardeny\" \/>\n<meta name=\"twitter:label1\" content=\"Escrit per\" \/>\n\t<meta name=\"twitter:data1\" content=\"Badia Vinagres\" \/>\n\t<meta name=\"twitter:label2\" content=\"Temps estimat de lectura\" \/>\n\t<meta name=\"twitter:data2\" content=\"3 minuts\" \/>\n<script type=\"application\/ld+json\" class=\"yoast-schema-graph\">{\"@context\":\"https:\\\/\\\/schema.org\",\"@graph\":[{\"@type\":\"Article\",\"@id\":\"https:\\\/\\\/badiavinagres.com\\\/ca\\\/reinventant-els-classics-amb-una-mirada-contemporania-la-nova-generacio-dels-vinagres-de-chardonnay-i-cabernet-sauvignon#article\",\"isPartOf\":{\"@id\":\"https:\\\/\\\/badiavinagres.com\\\/ca\\\/reinventant-els-classics-amb-una-mirada-contemporania-la-nova-generacio-dels-vinagres-de-chardonnay-i-cabernet-sauvignon\"},\"author\":{\"name\":\"Badia Vinagres\",\"@id\":\"https:\\\/\\\/badiavinagres.com\\\/#\\\/schema\\\/person\\\/64a945e914c87a4fc7adf4cf8edb5603\"},\"headline\":\"Reinventant els cl\u00e0ssics amb una mirada contempor\u00e0nia: la nova generaci\u00f3 dels vinagres de Chardonnay i Cabernet Sauvignon\",\"datePublished\":\"2024-09-17T15:08:18+00:00\",\"dateModified\":\"2024-09-18T15:53:36+00:00\",\"mainEntityOfPage\":{\"@id\":\"https:\\\/\\\/badiavinagres.com\\\/ca\\\/reinventant-els-classics-amb-una-mirada-contemporania-la-nova-generacio-dels-vinagres-de-chardonnay-i-cabernet-sauvignon\"},\"wordCount\":492,\"publisher\":{\"@id\":\"https:\\\/\\\/badiavinagres.com\\\/#organization\"},\"image\":{\"@id\":\"https:\\\/\\\/badiavinagres.com\\\/ca\\\/reinventant-els-classics-amb-una-mirada-contemporania-la-nova-generacio-dels-vinagres-de-chardonnay-i-cabernet-sauvignon#primaryimage\"},\"thumbnailUrl\":\"https:\\\/\\\/badiavinagres.com\\\/wp-content\\\/uploads\\\/2024\\\/09\\\/Badia-Vinagres-1-1.png\",\"keywords\":[\"Vinagre Cabernet Sauvignon\",\"vinagre Chardonnay\",\"vinagre natural\",\"vinagre natural\"],\"articleSection\":[\"Not\u00edcies\"],\"inLanguage\":\"ca\"},{\"@type\":\"WebPage\",\"@id\":\"https:\\\/\\\/badiavinagres.com\\\/ca\\\/reinventant-els-classics-amb-una-mirada-contemporania-la-nova-generacio-dels-vinagres-de-chardonnay-i-cabernet-sauvignon\",\"url\":\"https:\\\/\\\/badiavinagres.com\\\/ca\\\/reinventant-els-classics-amb-una-mirada-contemporania-la-nova-generacio-dels-vinagres-de-chardonnay-i-cabernet-sauvignon\",\"name\":\"Reinventant els cl\u00e0ssics amb una mirada contempor\u00e0nia: la nova generaci\u00f3 dels vinagres de Chardonnay i Cabernet Sauvignon\",\"isPartOf\":{\"@id\":\"https:\\\/\\\/badiavinagres.com\\\/#website\"},\"primaryImageOfPage\":{\"@id\":\"https:\\\/\\\/badiavinagres.com\\\/ca\\\/reinventant-els-classics-amb-una-mirada-contemporania-la-nova-generacio-dels-vinagres-de-chardonnay-i-cabernet-sauvignon#primaryimage\"},\"image\":{\"@id\":\"https:\\\/\\\/badiavinagres.com\\\/ca\\\/reinventant-els-classics-amb-una-mirada-contemporania-la-nova-generacio-dels-vinagres-de-chardonnay-i-cabernet-sauvignon#primaryimage\"},\"thumbnailUrl\":\"https:\\\/\\\/badiavinagres.com\\\/wp-content\\\/uploads\\\/2024\\\/09\\\/Badia-Vinagres-1-1.png\",\"datePublished\":\"2024-09-17T15:08:18+00:00\",\"dateModified\":\"2024-09-18T15:53:36+00:00\",\"description\":\"Avui us presentem la nova generaci\u00f3 del vinagre elaborat amb vi blanc Chardonnay i el vinagre amb vi negre Cabernet Sauvignon\",\"breadcrumb\":{\"@id\":\"https:\\\/\\\/badiavinagres.com\\\/ca\\\/reinventant-els-classics-amb-una-mirada-contemporania-la-nova-generacio-dels-vinagres-de-chardonnay-i-cabernet-sauvignon#breadcrumb\"},\"inLanguage\":\"ca\",\"potentialAction\":[{\"@type\":\"ReadAction\",\"target\":[\"https:\\\/\\\/badiavinagres.com\\\/ca\\\/reinventant-els-classics-amb-una-mirada-contemporania-la-nova-generacio-dels-vinagres-de-chardonnay-i-cabernet-sauvignon\"]}]},{\"@type\":\"ImageObject\",\"inLanguage\":\"ca\",\"@id\":\"https:\\\/\\\/badiavinagres.com\\\/ca\\\/reinventant-els-classics-amb-una-mirada-contemporania-la-nova-generacio-dels-vinagres-de-chardonnay-i-cabernet-sauvignon#primaryimage\",\"url\":\"https:\\\/\\\/badiavinagres.com\\\/wp-content\\\/uploads\\\/2024\\\/09\\\/Badia-Vinagres-1-1.png\",\"contentUrl\":\"https:\\\/\\\/badiavinagres.com\\\/wp-content\\\/uploads\\\/2024\\\/09\\\/Badia-Vinagres-1-1.png\",\"width\":1374,\"height\":916},{\"@type\":\"BreadcrumbList\",\"@id\":\"https:\\\/\\\/badiavinagres.com\\\/ca\\\/reinventant-els-classics-amb-una-mirada-contemporania-la-nova-generacio-dels-vinagres-de-chardonnay-i-cabernet-sauvignon#breadcrumb\",\"itemListElement\":[{\"@type\":\"ListItem\",\"position\":1,\"name\":\"Portada\",\"item\":\"https:\\\/\\\/badiavinagres.com\\\/\"},{\"@type\":\"ListItem\",\"position\":2,\"name\":\"Reinventant els cl\u00e0ssics amb una mirada contempor\u00e0nia: la nova generaci\u00f3 dels vinagres de Chardonnay i Cabernet Sauvignon\"}]},{\"@type\":\"WebSite\",\"@id\":\"https:\\\/\\\/badiavinagres.com\\\/#website\",\"url\":\"https:\\\/\\\/badiavinagres.com\\\/\",\"name\":\"Badia Vinagres\",\"description\":\"Mestres vinagrers des de 1908\",\"publisher\":{\"@id\":\"https:\\\/\\\/badiavinagres.com\\\/#organization\"},\"potentialAction\":[{\"@type\":\"SearchAction\",\"target\":{\"@type\":\"EntryPoint\",\"urlTemplate\":\"https:\\\/\\\/badiavinagres.com\\\/?s={search_term_string}\"},\"query-input\":{\"@type\":\"PropertyValueSpecification\",\"valueRequired\":true,\"valueName\":\"search_term_string\"}}],\"inLanguage\":\"ca\"},{\"@type\":\"Organization\",\"@id\":\"https:\\\/\\\/badiavinagres.com\\\/#organization\",\"name\":\"Badia Vinagres - Castell de Gardeny\",\"url\":\"https:\\\/\\\/badiavinagres.com\\\/\",\"logo\":{\"@type\":\"ImageObject\",\"inLanguage\":\"ca\",\"@id\":\"https:\\\/\\\/badiavinagres.com\\\/#\\\/schema\\\/logo\\\/image\\\/\",\"url\":\"http:\\\/\\\/badiavinagres.com\\\/wp-content\\\/uploads\\\/2016\\\/03\\\/badiamenutransparente-4.png\",\"contentUrl\":\"http:\\\/\\\/badiavinagres.com\\\/wp-content\\\/uploads\\\/2016\\\/03\\\/badiamenutransparente-4.png\",\"width\":117,\"height\":100,\"caption\":\"Badia Vinagres - Castell de Gardeny\"},\"image\":{\"@id\":\"https:\\\/\\\/badiavinagres.com\\\/#\\\/schema\\\/logo\\\/image\\\/\"},\"sameAs\":[\"https:\\\/\\\/www.facebook.com\\\/VinagresCastelldeGardeny\",\"https:\\\/\\\/x.com\\\/CastellGardeny\",\"https:\\\/\\\/www.instagram.com\\\/castelldegardeny_badiavinagres\\\/\"]},{\"@type\":\"Person\",\"@id\":\"https:\\\/\\\/badiavinagres.com\\\/#\\\/schema\\\/person\\\/64a945e914c87a4fc7adf4cf8edb5603\",\"name\":\"Badia Vinagres\",\"image\":{\"@type\":\"ImageObject\",\"inLanguage\":\"ca\",\"@id\":\"https:\\\/\\\/secure.gravatar.com\\\/avatar\\\/9b2535e468358915664035f4e170cf7a6983523597a2b3dee94fc2b1a5c11a4c?s=96&d=mm&r=g\",\"url\":\"https:\\\/\\\/secure.gravatar.com\\\/avatar\\\/9b2535e468358915664035f4e170cf7a6983523597a2b3dee94fc2b1a5c11a4c?s=96&d=mm&r=g\",\"contentUrl\":\"https:\\\/\\\/secure.gravatar.com\\\/avatar\\\/9b2535e468358915664035f4e170cf7a6983523597a2b3dee94fc2b1a5c11a4c?s=96&d=mm&r=g\",\"caption\":\"Badia Vinagres\"},\"url\":\"https:\\\/\\\/badiavinagres.com\\\/ca\\\/author\\\/marketing\"}]}<\/script>\n<!-- \/ Yoast SEO plugin. -->","yoast_head_json":{"title":"Reinventant els cl\u00e0ssics amb una mirada contempor\u00e0nia: la nova generaci\u00f3 dels vinagres de Chardonnay i Cabernet Sauvignon","description":"Avui us presentem la nova generaci\u00f3 del vinagre elaborat amb vi blanc Chardonnay i el vinagre amb vi negre Cabernet Sauvignon","robots":{"index":"index","follow":"follow","max-snippet":"max-snippet:-1","max-image-preview":"max-image-preview:large","max-video-preview":"max-video-preview:-1"},"canonical":"https:\/\/badiavinagres.com\/ca\/reinventant-els-classics-amb-una-mirada-contemporania-la-nova-generacio-dels-vinagres-de-chardonnay-i-cabernet-sauvignon","og_locale":"ca_ES","og_type":"article","og_title":"Reinventant els cl\u00e0ssics amb una mirada contempor\u00e0nia: la nova generaci\u00f3 dels vinagres de Chardonnay i Cabernet Sauvignon","og_description":"Avui us presentem la nova generaci\u00f3 del vinagre elaborat amb vi blanc Chardonnay i el vinagre amb vi negre Cabernet Sauvignon","og_url":"https:\/\/badiavinagres.com\/ca\/reinventant-els-classics-amb-una-mirada-contemporania-la-nova-generacio-dels-vinagres-de-chardonnay-i-cabernet-sauvignon","og_site_name":"Badia Vinagres","article_publisher":"https:\/\/www.facebook.com\/VinagresCastelldeGardeny","article_published_time":"2024-09-17T15:08:18+00:00","article_modified_time":"2024-09-18T15:53:36+00:00","og_image":[{"width":1374,"height":916,"url":"https:\/\/badiavinagres.com\/wp-content\/uploads\/2024\/09\/Badia-Vinagres-1-1.png","type":"image\/png"}],"author":"Badia Vinagres","twitter_card":"summary_large_image","twitter_creator":"@CastellGardeny","twitter_site":"@CastellGardeny","twitter_misc":{"Escrit per":"Badia Vinagres","Temps estimat de lectura":"3 minuts"},"schema":{"@context":"https:\/\/schema.org","@graph":[{"@type":"Article","@id":"https:\/\/badiavinagres.com\/ca\/reinventant-els-classics-amb-una-mirada-contemporania-la-nova-generacio-dels-vinagres-de-chardonnay-i-cabernet-sauvignon#article","isPartOf":{"@id":"https:\/\/badiavinagres.com\/ca\/reinventant-els-classics-amb-una-mirada-contemporania-la-nova-generacio-dels-vinagres-de-chardonnay-i-cabernet-sauvignon"},"author":{"name":"Badia Vinagres","@id":"https:\/\/badiavinagres.com\/#\/schema\/person\/64a945e914c87a4fc7adf4cf8edb5603"},"headline":"Reinventant els cl\u00e0ssics amb una mirada contempor\u00e0nia: la nova generaci\u00f3 dels vinagres de Chardonnay i Cabernet Sauvignon","datePublished":"2024-09-17T15:08:18+00:00","dateModified":"2024-09-18T15:53:36+00:00","mainEntityOfPage":{"@id":"https:\/\/badiavinagres.com\/ca\/reinventant-els-classics-amb-una-mirada-contemporania-la-nova-generacio-dels-vinagres-de-chardonnay-i-cabernet-sauvignon"},"wordCount":492,"publisher":{"@id":"https:\/\/badiavinagres.com\/#organization"},"image":{"@id":"https:\/\/badiavinagres.com\/ca\/reinventant-els-classics-amb-una-mirada-contemporania-la-nova-generacio-dels-vinagres-de-chardonnay-i-cabernet-sauvignon#primaryimage"},"thumbnailUrl":"https:\/\/badiavinagres.com\/wp-content\/uploads\/2024\/09\/Badia-Vinagres-1-1.png","keywords":["Vinagre Cabernet Sauvignon","vinagre Chardonnay","vinagre natural","vinagre natural"],"articleSection":["Not\u00edcies"],"inLanguage":"ca"},{"@type":"WebPage","@id":"https:\/\/badiavinagres.com\/ca\/reinventant-els-classics-amb-una-mirada-contemporania-la-nova-generacio-dels-vinagres-de-chardonnay-i-cabernet-sauvignon","url":"https:\/\/badiavinagres.com\/ca\/reinventant-els-classics-amb-una-mirada-contemporania-la-nova-generacio-dels-vinagres-de-chardonnay-i-cabernet-sauvignon","name":"Reinventant els cl\u00e0ssics amb una mirada contempor\u00e0nia: la nova generaci\u00f3 dels vinagres de Chardonnay i Cabernet Sauvignon","isPartOf":{"@id":"https:\/\/badiavinagres.com\/#website"},"primaryImageOfPage":{"@id":"https:\/\/badiavinagres.com\/ca\/reinventant-els-classics-amb-una-mirada-contemporania-la-nova-generacio-dels-vinagres-de-chardonnay-i-cabernet-sauvignon#primaryimage"},"image":{"@id":"https:\/\/badiavinagres.com\/ca\/reinventant-els-classics-amb-una-mirada-contemporania-la-nova-generacio-dels-vinagres-de-chardonnay-i-cabernet-sauvignon#primaryimage"},"thumbnailUrl":"https:\/\/badiavinagres.com\/wp-content\/uploads\/2024\/09\/Badia-Vinagres-1-1.png","datePublished":"2024-09-17T15:08:18+00:00","dateModified":"2024-09-18T15:53:36+00:00","description":"Avui us presentem la nova generaci\u00f3 del vinagre elaborat amb vi blanc Chardonnay i el vinagre amb vi negre Cabernet Sauvignon","breadcrumb":{"@id":"https:\/\/badiavinagres.com\/ca\/reinventant-els-classics-amb-una-mirada-contemporania-la-nova-generacio-dels-vinagres-de-chardonnay-i-cabernet-sauvignon#breadcrumb"},"inLanguage":"ca","potentialAction":[{"@type":"ReadAction","target":["https:\/\/badiavinagres.com\/ca\/reinventant-els-classics-amb-una-mirada-contemporania-la-nova-generacio-dels-vinagres-de-chardonnay-i-cabernet-sauvignon"]}]},{"@type":"ImageObject","inLanguage":"ca","@id":"https:\/\/badiavinagres.com\/ca\/reinventant-els-classics-amb-una-mirada-contemporania-la-nova-generacio-dels-vinagres-de-chardonnay-i-cabernet-sauvignon#primaryimage","url":"https:\/\/badiavinagres.com\/wp-content\/uploads\/2024\/09\/Badia-Vinagres-1-1.png","contentUrl":"https:\/\/badiavinagres.com\/wp-content\/uploads\/2024\/09\/Badia-Vinagres-1-1.png","width":1374,"height":916},{"@type":"BreadcrumbList","@id":"https:\/\/badiavinagres.com\/ca\/reinventant-els-classics-amb-una-mirada-contemporania-la-nova-generacio-dels-vinagres-de-chardonnay-i-cabernet-sauvignon#breadcrumb","itemListElement":[{"@type":"ListItem","position":1,"name":"Portada","item":"https:\/\/badiavinagres.com\/"},{"@type":"ListItem","position":2,"name":"Reinventant els cl\u00e0ssics amb una mirada contempor\u00e0nia: la nova generaci\u00f3 dels vinagres de Chardonnay i Cabernet Sauvignon"}]},{"@type":"WebSite","@id":"https:\/\/badiavinagres.com\/#website","url":"https:\/\/badiavinagres.com\/","name":"Badia Vinagres","description":"Mestres vinagrers des de 1908","publisher":{"@id":"https:\/\/badiavinagres.com\/#organization"},"potentialAction":[{"@type":"SearchAction","target":{"@type":"EntryPoint","urlTemplate":"https:\/\/badiavinagres.com\/?s={search_term_string}"},"query-input":{"@type":"PropertyValueSpecification","valueRequired":true,"valueName":"search_term_string"}}],"inLanguage":"ca"},{"@type":"Organization","@id":"https:\/\/badiavinagres.com\/#organization","name":"Badia Vinagres - Castell de Gardeny","url":"https:\/\/badiavinagres.com\/","logo":{"@type":"ImageObject","inLanguage":"ca","@id":"https:\/\/badiavinagres.com\/#\/schema\/logo\/image\/","url":"http:\/\/badiavinagres.com\/wp-content\/uploads\/2016\/03\/badiamenutransparente-4.png","contentUrl":"http:\/\/badiavinagres.com\/wp-content\/uploads\/2016\/03\/badiamenutransparente-4.png","width":117,"height":100,"caption":"Badia Vinagres - Castell de Gardeny"},"image":{"@id":"https:\/\/badiavinagres.com\/#\/schema\/logo\/image\/"},"sameAs":["https:\/\/www.facebook.com\/VinagresCastelldeGardeny","https:\/\/x.com\/CastellGardeny","https:\/\/www.instagram.com\/castelldegardeny_badiavinagres\/"]},{"@type":"Person","@id":"https:\/\/badiavinagres.com\/#\/schema\/person\/64a945e914c87a4fc7adf4cf8edb5603","name":"Badia Vinagres","image":{"@type":"ImageObject","inLanguage":"ca","@id":"https:\/\/secure.gravatar.com\/avatar\/9b2535e468358915664035f4e170cf7a6983523597a2b3dee94fc2b1a5c11a4c?s=96&d=mm&r=g","url":"https:\/\/secure.gravatar.com\/avatar\/9b2535e468358915664035f4e170cf7a6983523597a2b3dee94fc2b1a5c11a4c?s=96&d=mm&r=g","contentUrl":"https:\/\/secure.gravatar.com\/avatar\/9b2535e468358915664035f4e170cf7a6983523597a2b3dee94fc2b1a5c11a4c?s=96&d=mm&r=g","caption":"Badia Vinagres"},"url":"https:\/\/badiavinagres.com\/ca\/author\/marketing"}]}},"_links":{"self":[{"href":"https:\/\/badiavinagres.com\/ca\/wp-json\/wp\/v2\/posts\/7713","targetHints":{"allow":["GET"]}}],"collection":[{"href":"https:\/\/badiavinagres.com\/ca\/wp-json\/wp\/v2\/posts"}],"about":[{"href":"https:\/\/badiavinagres.com\/ca\/wp-json\/wp\/v2\/types\/post"}],"author":[{"embeddable":true,"href":"https:\/\/badiavinagres.com\/ca\/wp-json\/wp\/v2\/users\/8"}],"replies":[{"embeddable":true,"href":"https:\/\/badiavinagres.com\/ca\/wp-json\/wp\/v2\/comments?post=7713"}],"version-history":[{"count":4,"href":"https:\/\/badiavinagres.com\/ca\/wp-json\/wp\/v2\/posts\/7713\/revisions"}],"predecessor-version":[{"id":7733,"href":"https:\/\/badiavinagres.com\/ca\/wp-json\/wp\/v2\/posts\/7713\/revisions\/7733"}],"wp:featuredmedia":[{"embeddable":true,"href":"https:\/\/badiavinagres.com\/ca\/wp-json\/wp\/v2\/media\/7775"}],"wp:attachment":[{"href":"https:\/\/badiavinagres.com\/ca\/wp-json\/wp\/v2\/media?parent=7713"}],"wp:term":[{"taxonomy":"category","embeddable":true,"href":"https:\/\/badiavinagres.com\/ca\/wp-json\/wp\/v2\/categories?post=7713"},{"taxonomy":"post_tag","embeddable":true,"href":"https:\/\/badiavinagres.com\/ca\/wp-json\/wp\/v2\/tags?post=7713"}],"curies":[{"name":"wp","href":"https:\/\/api.w.org\/{rel}","templated":true}]}}